{"id":3113,"date":"2023-08-03T19:04:10","date_gmt":"2023-08-03T17:04:10","guid":{"rendered":"https:\/\/www.urlaub-suchmaschine.at\/reiseberichte\/?p=3113"},"modified":"2023-08-03T19:05:36","modified_gmt":"2023-08-03T17:05:36","slug":"schrecksee-ein-schoener-abgelegener-natursee-im-allgaeu","status":"publish","type":"post","link":"https:\/\/www.urlaub-suchmaschine.at\/reiseberichte\/schrecksee-ein-schoener-abgelegener-natursee-im-allgaeu\/","title":{"rendered":"Schrecksee &#8211; ein sch\u00f6ner, abgelegener Natursee im Allg\u00e4u"},"content":{"rendered":"<p>Der Schrecksee liegt direkt an der deutsch \u00f6sterreichischen Grenze, Tirol &#8211; Bayern auf der deutschen Seite. Wer zu einem malerischen abgelegenen Natursee wandern m\u00f6chte, f\u00fcr den k\u00f6nnte der Schrecksee die richtige Wahl sein. Der Natursee ist sehr abgelegen in den <span class=\"ILfuVd\" lang=\"de\"><span class=\"hgKElc\">Allg\u00e4uer Hochalpen <\/span><\/span> und ist nur zu Fu\u00df erreichbar.<\/p>\n<h2><span style=\"color: #339966;\">Von wo aus beginnt die Wanderung zum Schrecksee?<\/span><\/h2>\n<p>Die Wanderung zum Schrecksee startet in <span style=\"color: #ff6600;\"><strong>Hinterstein<\/strong><\/span>. Von dort aus gibt es zahlreiche <a href=\"https:\/\/www.urlaub-suchmaschine.at\/reiseberichte\/category\/wanderurlaub\/\">Wanderrouten<\/a> in unterschiedlicher L\u00e4nge und Schwierigkeitsgraden, darum w\u00fcrde es auch Sinn machen, dort zu \u00fcbernachten. In Hinterstein gibt es einige Ferienwohnungen, Pensionen und Gasth\u00e4user, die sich daf\u00fcr anbieten. Tagesbesucher k\u00f6nnen Ihr Auto an geb\u00fchrenpflichtige Parkpl\u00e4tze abstellen.<\/p>\n<p><img loading=\"lazy\" decoding=\"async\" title=\"Schrecksee\" src=\"https:\/\/www.urlaub-suchmaschine.at\/reiseberichte\/wp-content\/uploads\/2023\/08\/schrecksee.jpg\" alt=\"Ein kleiner Natursee umgeben von mit Gras bewachsenen Berggipfeln.\" width=\"850\" height=\"650\" \/><br \/>\nBild von Trailrunningzone auf Pixabay<\/p>\n<h3><span style=\"color: #339966;\">Wie lange dauert eine Wanderung zum Schrecksee?<\/span><\/h3>\n<p>F\u00fcr eine <a href=\"https:\/\/xn--schne-aussicht-xpb.de\/schrecksee\/\" target=\"_blank\" rel=\"noopener\">Wanderung zum Schrecksee<\/a> sollte man <span style=\"color: #ff6600;\"><strong>etwa 6 Stunden einplanen, f\u00fcr Hin- und R\u00fcckwanderung<\/strong><\/span>. Wenn man also nicht zu sp\u00e4t startet, kann man sich am See gut ausruhen vor dem R\u00fcckweg. Wer zwischendurch kurze Pausen braucht, sollte etwas mehr einplanen.<\/p>\n<p><span style=\"color: #ff6600;\"><em><strong>Informieren Sie sich zudem \u00fcber das Wetter<\/strong><\/em><\/span> und stellen sich dementsprechend darauf ein. Es geht rauf auf \u00fcber 1800 Meter, wo es durchaus um einiges k\u00e4lter sein kann wie im Dorf. Vor allem im Fr\u00fchling und Herbst ist es am Berg sehr frisch, das wird oft untersch\u00e4tzt. Im Sommer sollte man sich gut informieren, ob Gewitter vorhergesagt sind.<\/p>\n<div class=\"su-box su-box-style-soft\" id=\"\" style=\"border-color:#cc0000;border-radius:3px;max-width:none\"><div class=\"su-box-title\" style=\"background-color:#FF0000;color:#FFFFFF;border-top-left-radius:1px;border-top-right-radius:1px\">Hinweis<\/div><div class=\"su-box-content su-u-clearfix su-u-trim\" style=\"border-bottom-left-radius:1px;border-bottom-right-radius:1px\">Der Schrecksee befindet sich im Naturschutzgebiet der Allg\u00e4uer Hochalpen. Das hei\u00dft kein Campen und Grillen. Wenn bei der Brotzeit M\u00fcll entsteht, mit zur\u00fccknehmen und ordnungsgem\u00e4\u00df entsorgen, aber das sollte eigentlich bei jeder Wanderung selbstverst\u00e4ndlich sein!<\/div><\/div>\n<h2><span style=\"color: #339966;\">Wie schwierig ist eine Wanderung zum Schrecksee?<\/span><\/h2>\n<p>Man sollte auf jeden Fall eine <span style=\"color: #ff6600;\"><strong>gute Grundkondition<\/strong><\/span> besitzen. Es sind zwar hin und retour nur 17 Kilometer, aber die haben es in sich. Der erste Teil ist noch relativ gem\u00fctlich, dann geht es durchg\u00e4ngig bergauf. Dabei m\u00fcssen knapp 900 H\u00f6henmeter bew\u00e4ltigt werden. \u00dcber teils schmale und steile Ger\u00f6llwege geht es rauf zum See.<\/p>\n<p>Oben angekommen werden Sie schnell feststellen, dass sich die Strapazen gelohnt haben. Der Schrecksee geh\u00f6rt mit seinem glasklaren t\u00fcrkisem Wasser zu den sch\u00f6nsten Bergseen der Alpen. Die Berggipfel, die den See umgeben, machen den Ausblick perfekt.<\/p>\n<p><img loading=\"lazy\" decoding=\"async\" title=\"Schrecksee Insel\" src=\"https:\/\/www.urlaub-suchmaschine.at\/reiseberichte\/wp-content\/uploads\/2023\/08\/schrecksee-insel.jpg\" alt=\"Ein mit Gras bewachsene Insel mitten im Schrecksee.\" width=\"850\" height=\"550\" \/><br \/>\nBild von PIRO auf Pixabay<\/p>\n<h3><span style=\"color: #339966;\">Kann man im Schrecksee schwimmen?<\/span><\/h3>\n<p><strong><span style=\"color: #ff6600;\">Ja<\/span><\/strong>, grunds\u00e4tzlich kann man im Schrecksee schwimmen, er ist aber eiskalt. Im Sommer gehen die <span style=\"color: #ff6600;\"><em><strong>Temperaturen des Wassers kaum \u00fcber 14 Grad<\/strong><\/em><\/span>. Wer also zur Insel schwimmen m\u00f6chte, muss schon etwas abgeh\u00e4rtet sein. Mit den F\u00fc\u00dfen ein St\u00fcck reingehen ist drin, das kalte Wasser f\u00f6rdert die Durchblutung und macht fit f\u00fcr den R\u00fcckmarsch.<\/p>\n<div class=\"su-box su-box-style-soft\" id=\"\" style=\"border-color:#cc0000;border-radius:3px;max-width:none\"><div class=\"su-box-title\" style=\"background-color:#FF0000;color:#FFFFFF;border-top-left-radius:1px;border-top-right-radius:1px\">Hinweis<\/div><div class=\"su-box-content su-u-clearfix su-u-trim\" style=\"border-bottom-left-radius:1px;border-bottom-right-radius:1px\">Es gibt auf dem Weg zum Schrecksee keine Einkehrm\u00f6glichkeit, Sie m\u00fcssen also Getr\u00e4nke und Verpflegung selbst mitnehmen.<\/div><\/div>\n<h3><span style=\"color: #339966;\">Beste Jahreszeit f\u00fcr eine Wanderung zum Schrecksee?<\/span><\/h3>\n<p>Die beste Jahreszeit f\u00fcr eine Wanderung zum Schrecksee sind die Sommermonate <span style=\"color: #ff6600;\"><strong>Juni bis September<\/strong><\/span>. Im Winter bzw. wenn schon oder noch Schnee liegt, ist von einer Wanderung zum Schrecksee eher abzuraten. Dies ist nur f\u00fcr erfahrene Wanderer mit sehr guter Ausr\u00fcstung sinnvoll.<\/p>\n<p>&nbsp;<\/p>\n","protected":false},"excerpt":{"rendered":"<p>Der Schrecksee liegt direkt an der deutsch \u00f6sterreichischen Grenze, Tirol &#8211; Bayern auf der deutschen Seite. Wer zu einem malerischen abgelegenen Natursee wandern m\u00f6chte, f\u00fcr den k\u00f6nnte der Schrecksee die richtige Wahl sein. Der Natursee ist sehr abgelegen in den<\/p>\n","protected":false},"author":1,"featured_media":3125,"comment_status":"open","ping_status":"closed","sticky":false,"template":"","format":"standard","meta":{"footnotes":""},"categories":[8,163],"tags":[],"class_list":["post-3113","post","type-post","status-publish","format-standard","has-post-thumbnail","hentry","category-deutschland","category-wanderurlaub"],"aioseo_notices":[],"amp_enabled":true,"_links":{"self":[{"href":"https:\/\/www.urlaub-suchmaschine.at\/reiseberichte\/wp-json\/wp\/v2\/posts\/3113","targetHints":{"allow":["GET"]}}],"collection":[{"href":"https:\/\/www.urlaub-suchmaschine.at\/reiseberichte\/wp-json\/wp\/v2\/posts"}],"about":[{"href":"https:\/\/www.urlaub-suchmaschine.at\/reiseberichte\/wp-json\/wp\/v2\/types\/post"}],"author":[{"embeddable":true,"href":"https:\/\/www.urlaub-suchmaschine.at\/reiseberichte\/wp-json\/wp\/v2\/users\/1"}],"replies":[{"embeddable":true,"href":"https:\/\/www.urlaub-suchmaschine.at\/reiseberichte\/wp-json\/wp\/v2\/comments?post=3113"}],"version-history":[{"count":0,"href":"https:\/\/www.urlaub-suchmaschine.at\/reiseberichte\/wp-json\/wp\/v2\/posts\/3113\/revisions"}],"wp:featuredmedia":[{"embeddable":true,"href":"https:\/\/www.urlaub-suchmaschine.at\/reiseberichte\/wp-json\/wp\/v2\/media\/3125"}],"wp:attachment":[{"href":"https:\/\/www.urlaub-suchmaschine.at\/reiseberichte\/wp-json\/wp\/v2\/media?parent=3113"}],"wp:term":[{"taxonomy":"category","embeddable":true,"href":"https:\/\/www.urlaub-suchmaschine.at\/reiseberichte\/wp-json\/wp\/v2\/categories?post=3113"},{"taxonomy":"post_tag","embeddable":true,"href":"https:\/\/www.urlaub-suchmaschine.at\/reiseberichte\/wp-json\/wp\/v2\/tags?post=3113"}],"curies":[{"name":"wp","href":"https:\/\/api.w.org\/{rel}","templated":true}]}}